{"id":296,"date":"2017-10-02T19:52:52","date_gmt":"2017-10-02T17:52:52","guid":{"rendered":"http:\/\/alt-treptow.xn--sozialbndnis-jlb.de\/?p=296"},"modified":"2017-10-02T19:52:52","modified_gmt":"2017-10-02T17:52:52","slug":"das-milieu-des-kungerkiezes-besucht-die-bvv-treptow-koepenick","status":"publish","type":"post","link":"http:\/\/alt-treptow.xn--sozialbndnis-jlb.de\/?p=296","title":{"rendered":"Das Milieu des Kungerkiezes besucht die BVV Treptow &#8211; K\u00f6penick"},"content":{"rendered":"<p class=\"western\"><span style=\"font-size: large;\">Die Initiative \u201e Wir sind das Milieu \u2013 gegen Mietwucher im\u00a0<\/span><span style=\"font-size: large;\">Kungerkiez \u201e hat am Dienstag die \u00f6ffentliche Fragestunde der Bezirksvollversammlung Treptow \u2013 K\u00f6penick dazu genutzt, Baustadtrat\u00a0<\/span><span style=\"font-size: large;\">Rainer H\u00f6lmer Fragen \u00fcber den Schutz vor Modernisierung der Bousches<\/span><span style=\"font-size: large;\">tra\u00dfe 19\/20 und 22\/23 zu stellen.<\/span><\/p>\n<p class=\"western\"><span style=\"font-size: large;\">Ist die Fassadend\u00e4mmung tats\u00e4chlich notwendig und ist das Bauamt rechtlich verpflichtet, diese W\u00e4rmed\u00e4mmung zu genehmigen?<\/span><\/p>\n<p class=\"western\"><span style=\"font-size: large;\">Baustadtrat H\u00f6lmer wies auf die rechtliche Regelung hin, nach der eine<\/span><span style=\"font-size: large;\">Genehmigung der W\u00e4rmed\u00e4mmung bei einer Fassadensch\u00e4digung unter\u00a0<\/span><span style=\"font-size: large;\">10% nicht zwingend ist, sondern der Hauseigent\u00fcmer in diesem Fall eine\u00a0<\/span><span style=\"font-size: large;\">gesonderte und \u00fcberzeugende Begr\u00fcndung f\u00fcr die Notwendigkeit der D\u00e4mmung des Hauses einreichen mu\u00df. In der Regel bedeutet dies aber,\u00a0<\/span><span style=\"font-size: large;\">das die MieterInnen des Hauses ein Gutachten erstellen lassen sollten, wenn sie der Meinung sind, die Fassadensch\u00e4den w\u00e4ren unter 10 %.<\/span><\/p>\n<p class=\"western\"><span style=\"font-size: large;\">Der zweite interessante Punkt ist die Wirksamkeit der W\u00e4rmed\u00e4mmung.<\/span><\/p>\n<p class=\"western\"><span style=\"font-size: large;\">Die W\u00e4rmed\u00e4mmung mu\u00df eine tats\u00e4chliche Energieeinsparung nach sich ziehen, um sie als Modernisierungskosten\u00a0 auf die Miete umlegen zu k\u00f6nnen. Allerdings wurde am Dienstag keine genaue Prozentzahl der notwendigen Energieeinsparung genannt. Die Hauseigent\u00fcmer veranschlagen die Energieeinsparung bei Modernisierungsank\u00fcndigung meist um einiges h\u00f6her, als sie dann nach der Modernisierung tats\u00e4chlich ist.<\/span><\/p>\n<p class=\"western\"><span style=\"font-size: large;\">Baustadtrat H\u00f6lmer sagte den MieterInnen seine Hilfe zu. Was dies genau zu bedeuten hat und wie gro\u00df sein Spielraum ist, dies wird nicht nur von der Initiative \u201eWie sind das Milieu\u201c interessiert betrachtet werden.<\/span><\/p>\n<p class=\"western\"><span style=\"font-size: large;\">J\u00fcrgen Hans<\/span><\/p>\n<p class=\"western\"><span style=\"font-size: large;\">f\u00fcr das Sozialb\u00fcndnis Alt &#8211; Treptow<\/span><\/p>\n","protected":false},"excerpt":{"rendered":"<p>Die Initiative \u201e Wir sind das Milieu \u2013 gegen Mietwucher im\u00a0Kungerkiez \u201e hat am Dienstag die \u00f6ffentliche Fragestunde der Bezirksvollversammlung Treptow \u2013 K\u00f6penick dazu genutzt, Baustadtrat\u00a0Rainer H\u00f6lmer Fragen \u00fcber den Schutz vor Modernisierung der Bouschestra\u00dfe 19\/20 und 22\/23 zu stellen. Ist die Fassadend\u00e4mmung tats\u00e4chlich notwendig und ist das Bauamt rechtlich verpflichtet, diese W\u00e4rmed\u00e4mmung zu genehmigen? &hellip; <a href=\"http:\/\/alt-treptow.xn--sozialbndnis-jlb.de\/?p=296\" class=\"more-link\"><span class=\"screen-reader-text\">&#8222;Das Milieu des Kungerkiezes besucht die BVV Treptow &#8211; K\u00f6penick&#8220; <\/span>weiterlesen<\/a><\/p>\n","protected":false},"author":4,"featured_media":0,"comment_status":"open","ping_status":"open","sticky":false,"template":"","format":"standard","meta":{"footnotes":""},"categories":[1,20,5,19],"tags":[],"city-topics":[],"class_list":["post-296","post","type-post","status-publish","format-standard","hentry","category-aktuelles","category-bvv","category-milieuschutz","category-wohnungspolitik"],"categories_names":[{"link":"http:\/\/alt-treptow.xn--sozialbndnis-jlb.de\/?cat=1","name":"Aktuelles"},{"link":"http:\/\/alt-treptow.xn--sozialbndnis-jlb.de\/?cat=20","name":"BVV"},{"link":"http:\/\/alt-treptow.xn--sozialbndnis-jlb.de\/?cat=5","name":"Milieuschutz"},{"link":"http:\/\/alt-treptow.xn--sozialbndnis-jlb.de\/?cat=19","name":"Wohnungspolitik"}],"tag_names":[],"city_topics_names":[],"partner_color_1":"#30c9b5","partner_color_2":"#c4a51b","featured_image_url":"","liability_content":"Hans Zosch","imprint_url":"http:\/\/alt-treptow.sozialb\u00fcndnis.de\/?page_id=607","_links":{"self":[{"href":"http:\/\/alt-treptow.xn--sozialbndnis-jlb.de\/index.php?rest_route=\/wp\/v2\/posts\/296","targetHints":{"allow":["GET"]}}],"collection":[{"href":"http:\/\/alt-treptow.xn--sozialbndnis-jlb.de\/index.php?rest_route=\/wp\/v2\/posts"}],"about":[{"href":"http:\/\/alt-treptow.xn--sozialbndnis-jlb.de\/index.php?rest_route=\/wp\/v2\/types\/post"}],"author":[{"embeddable":true,"href":"http:\/\/alt-treptow.xn--sozialbndnis-jlb.de\/index.php?rest_route=\/wp\/v2\/users\/4"}],"replies":[{"embeddable":true,"href":"http:\/\/alt-treptow.xn--sozialbndnis-jlb.de\/index.php?rest_route=%2Fwp%2Fv2%2Fcomments&post=296"}],"version-history":[{"count":1,"href":"http:\/\/alt-treptow.xn--sozialbndnis-jlb.de\/index.php?rest_route=\/wp\/v2\/posts\/296\/revisions"}],"predecessor-version":[{"id":297,"href":"http:\/\/alt-treptow.xn--sozialbndnis-jlb.de\/index.php?rest_route=\/wp\/v2\/posts\/296\/revisions\/297"}],"wp:attachment":[{"href":"http:\/\/alt-treptow.xn--sozialbndnis-jlb.de\/index.php?rest_route=%2Fwp%2Fv2%2Fmedia&parent=296"}],"wp:term":[{"taxonomy":"category","embeddable":true,"href":"http:\/\/alt-treptow.xn--sozialbndnis-jlb.de\/index.php?rest_route=%2Fwp%2Fv2%2Fcategories&post=296"},{"taxonomy":"post_tag","embeddable":true,"href":"http:\/\/alt-treptow.xn--sozialbndnis-jlb.de\/index.php?rest_route=%2Fwp%2Fv2%2Ftags&post=296"},{"taxonomy":"city-topics","embeddable":true,"href":"http:\/\/alt-treptow.xn--sozialbndnis-jlb.de\/index.php?rest_route=%2Fwp%2Fv2%2Fcity-topics&post=296"}],"curies":[{"name":"wp","href":"https:\/\/api.w.org\/{rel}","templated":true}]}}