{"id":301,"date":"2017-10-07T14:50:52","date_gmt":"2017-10-07T12:50:52","guid":{"rendered":"http:\/\/alt-treptow.xn--sozialbndnis-jlb.de\/?p=301"},"modified":"2017-10-07T14:59:03","modified_gmt":"2017-10-07T12:59:03","slug":"treffen-des-mieter-innen-buendnisses-am-5-10-im-loesje","status":"publish","type":"post","link":"http:\/\/alt-treptow.xn--sozialbndnis-jlb.de\/?p=301","title":{"rendered":"Treffen des Mieter-Innen-b\u00fcndnisses am 5.10. im Loesje"},"content":{"rendered":"<p><span style=\"font-size: medium;\"><b>Wir sind das Milieu<\/b><\/span><\/p>\n<p><span style=\"font-size: small;\">Trotz des Sturmes sind ca. 30 Mieterinnen und Mieter zu unserem Treffen gekommen. Wir haben fr\u00f6hlich diskutiert mit folgenden Ergebnissen:<\/span><\/p>\n<ul>\n<li><span style=\"font-size: small;\">Eine Dreierteam wird eine Aktion im Kiez und\/oder eine \u00f6ffentliche Diskussionsveranstaltung mit Verantwortungstr\u00e4gern vorbereiten. Kontakt <a href=\"mailto:zosch.hans@web.de\">zosch.hans\u00a0[\u00e4t] web.de<\/a> oder<br \/>\nalt-treptow@sozialb\u00fcndnis.de<\/span><\/li>\n<li><span style=\"font-size: small;\">Ein Viererteam wird eine Kiezportrait mit den Problemzonen erstellen,<br \/>\n<\/span><span style=\"font-size: small;\">Kontakte <span style=\"font-family: 'DejaVu Sans', sans-serif;\"><a href=\"mailto:smarthame@gmail.com\">smarthame[\u00e4t]gmail.com<\/a> <\/span><span style=\"font-family: 'DejaVu Sans', sans-serif;\">oder <\/span><span style=\"font-family: 'DejaVu Sans', sans-serif;\">alt-treptow]\u00e4t[sozialb\u00fcndnis.de<\/span><\/span><\/li>\n<li><span style=\"font-size: small;\"><span style=\"font-family: 'DejaVu Sans', sans-serif;\">F\u00fcr die Karl-Kunger 26 + 68 sowie Kr\u00fclls 12 und Bouche 24 werden Leerstandsanzeigen gestellt<\/span><\/span><\/li>\n<li><span style=\"font-size: small;\"><span style=\"font-family: 'DejaVu Sans', sans-serif;\">Der n\u00e4chste BVV-Termin an dem wieder B\u00fcrgerfragen gestellt werden ist am 16.11. , wir hoffen auf gute Beteiligung und Unterst\u00fctzung aus Alt-Treptow<\/span><\/span><\/li>\n<\/ul>\n<p><span style=\"font-size: medium;\"><b><span style=\"font-family: 'DejaVu Sans', sans-serif;\">N\u00e4chstes Treffen: <\/span><\/b><\/span><\/p>\n<p><span style=\"font-size: medium;\"><b><span style=\"font-family: 'DejaVu Sans', sans-serif;\">Freitag 20.10. um 19.00 Uhr im Loesje, Karl-Kunger-Str.<\/span><\/b><\/span><\/p>\n","protected":false},"excerpt":{"rendered":"<p>Wir sind das Milieu Trotz des Sturmes sind ca. 30 Mieterinnen und Mieter zu unserem Treffen gekommen. Wir haben fr\u00f6hlich diskutiert mit folgenden Ergebnissen: Eine Dreierteam wird eine Aktion im Kiez und\/oder eine \u00f6ffentliche Diskussionsveranstaltung mit Verantwortungstr\u00e4gern vorbereiten. Kontakt zosch.hans\u00a0[\u00e4t] web.de oder alt-treptow@sozialb\u00fcndnis.de Ein Viererteam wird eine Kiezportrait mit den Problemzonen erstellen, Kontakte smarthame[\u00e4t]gmail.com oder &hellip; <a href=\"http:\/\/alt-treptow.xn--sozialbndnis-jlb.de\/?p=301\" class=\"more-link\"><span class=\"screen-reader-text\">&#8222;Treffen des Mieter-Innen-b\u00fcndnisses am 5.10. im Loesje&#8220; <\/span>weiterlesen<\/a><\/p>\n","protected":false},"author":4,"featured_media":0,"comment_status":"open","ping_status":"open","sticky":false,"template":"","format":"standard","meta":{"footnotes":""},"categories":[1,18,9],"tags":[],"city-topics":[],"class_list":["post-301","post","type-post","status-publish","format-standard","hentry","category-aktuelles","category-kiezblog","category-treffen"],"categories_names":[{"link":"http:\/\/alt-treptow.xn--sozialbndnis-jlb.de\/?cat=1","name":"Aktuelles"},{"link":"http:\/\/alt-treptow.xn--sozialbndnis-jlb.de\/?cat=18","name":"Kiezblog"},{"link":"http:\/\/alt-treptow.xn--sozialbndnis-jlb.de\/?cat=9","name":"Treffen"}],"tag_names":[],"city_topics_names":[],"partner_color_1":"#30c9b5","partner_color_2":"#c4a51b","featured_image_url":"","liability_content":"Hans Zosch","imprint_url":"http:\/\/alt-treptow.sozialb\u00fcndnis.de\/?page_id=607","_links":{"self":[{"href":"http:\/\/alt-treptow.xn--sozialbndnis-jlb.de\/index.php?rest_route=\/wp\/v2\/posts\/301","targetHints":{"allow":["GET"]}}],"collection":[{"href":"http:\/\/alt-treptow.xn--sozialbndnis-jlb.de\/index.php?rest_route=\/wp\/v2\/posts"}],"about":[{"href":"http:\/\/alt-treptow.xn--sozialbndnis-jlb.de\/index.php?rest_route=\/wp\/v2\/types\/post"}],"author":[{"embeddable":true,"href":"http:\/\/alt-treptow.xn--sozialbndnis-jlb.de\/index.php?rest_route=\/wp\/v2\/users\/4"}],"replies":[{"embeddable":true,"href":"http:\/\/alt-treptow.xn--sozialbndnis-jlb.de\/index.php?rest_route=%2Fwp%2Fv2%2Fcomments&post=301"}],"version-history":[{"count":4,"href":"http:\/\/alt-treptow.xn--sozialbndnis-jlb.de\/index.php?rest_route=\/wp\/v2\/posts\/301\/revisions"}],"predecessor-version":[{"id":306,"href":"http:\/\/alt-treptow.xn--sozialbndnis-jlb.de\/index.php?rest_route=\/wp\/v2\/posts\/301\/revisions\/306"}],"wp:attachment":[{"href":"http:\/\/alt-treptow.xn--sozialbndnis-jlb.de\/index.php?rest_route=%2Fwp%2Fv2%2Fmedia&parent=301"}],"wp:term":[{"taxonomy":"category","embeddable":true,"href":"http:\/\/alt-treptow.xn--sozialbndnis-jlb.de\/index.php?rest_route=%2Fwp%2Fv2%2Fcategories&post=301"},{"taxonomy":"post_tag","embeddable":true,"href":"http:\/\/alt-treptow.xn--sozialbndnis-jlb.de\/index.php?rest_route=%2Fwp%2Fv2%2Ftags&post=301"},{"taxonomy":"city-topics","embeddable":true,"href":"http:\/\/alt-treptow.xn--sozialbndnis-jlb.de\/index.php?rest_route=%2Fwp%2Fv2%2Fcity-topics&post=301"}],"curies":[{"name":"wp","href":"https:\/\/api.w.org\/{rel}","templated":true}]}}