{"id":461,"date":"2019-11-21T10:48:19","date_gmt":"2019-11-21T08:48:19","guid":{"rendered":"http:\/\/alt-treptow.xn--sozialbndnis-jlb.de\/?p=461"},"modified":"2019-12-11T15:58:31","modified_gmt":"2019-12-11T13:58:31","slug":"gruenflaeche-am-lohmuehlenufer-in-gefahr","status":"publish","type":"post","link":"http:\/\/alt-treptow.xn--sozialbndnis-jlb.de\/?p=461","title":{"rendered":"Gr\u00fcnfl\u00e4che am Lohm\u00fchlenufer in Gefahr!"},"content":{"rendered":"\n<figure class=\"wp-block-image\"><img loading=\"lazy\" decoding=\"async\" width=\"724\" height=\"1024\" src=\"http:\/\/alt-treptow.xn--sozialbndnis-jlb.de\/wp-content\/uploads\/2019\/11\/Wir-bringen-Licht-ins-Dunkle-724x1024.png\" alt=\"\" class=\"wp-image-463\" srcset=\"http:\/\/alt-treptow.xn--sozialbndnis-jlb.de\/wp-content\/uploads\/2019\/11\/Wir-bringen-Licht-ins-Dunkle-724x1024.png 724w, http:\/\/alt-treptow.xn--sozialbndnis-jlb.de\/wp-content\/uploads\/2019\/11\/Wir-bringen-Licht-ins-Dunkle-212x300.png 212w, http:\/\/alt-treptow.xn--sozialbndnis-jlb.de\/wp-content\/uploads\/2019\/11\/Wir-bringen-Licht-ins-Dunkle-768x1086.png 768w, http:\/\/alt-treptow.xn--sozialbndnis-jlb.de\/wp-content\/uploads\/2019\/11\/Wir-bringen-Licht-ins-Dunkle.png 1587w\" sizes=\"auto, (max-width: 709px) 85vw, (max-width: 909px) 67vw, (max-width: 984px) 61vw, (max-width: 1362px) 45vw, 600px\" \/><\/figure>\n\n\n\n<p>Liebe Alt-Treptower+innen<\/p>\n\n\n\n<p>das Stadtplanungsamtes m\u00f6chte die bauliche Verdichtung der Grundst\u00fccke zwischen Lohm\u00fchlenstr. und Landwehrkanal erm\u00f6glich. Dies bedeutet, dass die Grundst\u00fccke mit Vorderhaus und Hinterhaus bebaut werden k\u00f6nnen und die Hinterh\u00e4user kurz vor den japanischen Kirschen enden.<br>\nWir als Sozialb\u00fcndnis sind damit nicht einverstanden und glauben, dass wir auch im Interesse vieler Einwohner*innen Alt-Treptows sprechen.<br>\nAm Sonntag Nachmittag werden wir ab 15.00 Uhr mit einer Lichterkette  den Umfang der m\u00f6glichen Bebauung sichtbar  machen. Wir freuen uns nat\u00fcrlich auf Besuch und Unterst\u00fctzung aus den Nachbarkiezen, bringt gerne ein leeres Glas und ein Teelicht mit, um es in die Lichterreihe zu stellen.<br>\nEs gibt Gl\u00fchwein solange der Vorrat reicht am Infotisch oben an der Schmetterlingswiese in der N\u00e4he der Lohm\u00fchlenbr\u00fccke. Das Plakat findet ihr oben in der Anlage und die Veranstaltung ist auf nebenan.de \u00f6ffentlich gestellt, so dass sie per link beworben werden kann. Das Plakat d\u00fcrft ihr nat\u00fcrlich auch gerne ausdrucken und in eurem Hausflur aufh\u00e4ngen.<\/p>\n\n\n\n<p><a href=\"https:\/\/nebenan.de\/feed\/8766329\">https:\/\/nebenan.de\/feed\/8766329<\/a><\/p>\n\n\n\n<p>Es gr\u00fc\u00dft euch herzlich<br>\ndas Sozialb\u00fcndnis Alt-Treptow<br>\nSigrun, Zosch, Bernd, Gerd und viele andere \ud83d\ude42<\/p>\n\n\n","protected":false},"excerpt":{"rendered":"<p>Liebe Alt-Treptower+innen das Stadtplanungsamtes m\u00f6chte die bauliche Verdichtung der Grundst\u00fccke zwischen Lohm\u00fchlenstr. und Landwehrkanal erm\u00f6glich. Dies bedeutet, dass die Grundst\u00fccke mit Vorderhaus und Hinterhaus bebaut werden k\u00f6nnen und die Hinterh\u00e4user kurz vor den japanischen Kirschen enden. Wir als Sozialb\u00fcndnis sind damit nicht einverstanden und glauben, dass wir auch im Interesse vieler Einwohner*innen Alt-Treptows sprechen. Am &hellip; <a href=\"http:\/\/alt-treptow.xn--sozialbndnis-jlb.de\/?p=461\" class=\"more-link\"><span class=\"screen-reader-text\">&#8222;Gr\u00fcnfl\u00e4che am Lohm\u00fchlenufer in Gefahr!&#8220; <\/span>weiterlesen<\/a><\/p>\n","protected":false},"author":1,"featured_media":0,"comment_status":"open","ping_status":"open","sticky":false,"template":"","format":"standard","meta":{"footnotes":""},"categories":[1,25],"tags":[26,30,28,31,29],"city-topics":[],"class_list":["post-461","post","type-post","status-publish","format-standard","hentry","category-aktuelles","category-neues","tag-alt-treptow","tag-bebauung","tag-kirschbaeume","tag-lohmuehle","tag-uferweg"],"categories_names":[{"link":"http:\/\/alt-treptow.xn--sozialbndnis-jlb.de\/?cat=1","name":"Aktuelles"},{"link":"http:\/\/alt-treptow.xn--sozialbndnis-jlb.de\/?cat=25","name":"Neues"}],"tag_names":[{"link":"http:\/\/alt-treptow.xn--sozialbndnis-jlb.de\/?tag=alt-treptow","name":"Alt-Treptow"},{"link":"http:\/\/alt-treptow.xn--sozialbndnis-jlb.de\/?tag=bebauung","name":"Bebauung"},{"link":"http:\/\/alt-treptow.xn--sozialbndnis-jlb.de\/?tag=kirschbaeume","name":"Kirschb\u00e4ume"},{"link":"http:\/\/alt-treptow.xn--sozialbndnis-jlb.de\/?tag=lohmuehle","name":"Lohm\u00fchle"},{"link":"http:\/\/alt-treptow.xn--sozialbndnis-jlb.de\/?tag=uferweg","name":"Uferweg"}],"city_topics_names":[],"partner_color_1":"#30c9b5","partner_color_2":"#c4a51b","featured_image_url":"","liability_content":"Hans Zosch","imprint_url":"http:\/\/alt-treptow.sozialb\u00fcndnis.de\/?page_id=607","_links":{"self":[{"href":"http:\/\/alt-treptow.xn--sozialbndnis-jlb.de\/index.php?rest_route=\/wp\/v2\/posts\/461","targetHints":{"allow":["GET"]}}],"collection":[{"href":"http:\/\/alt-treptow.xn--sozialbndnis-jlb.de\/index.php?rest_route=\/wp\/v2\/posts"}],"about":[{"href":"http:\/\/alt-treptow.xn--sozialbndnis-jlb.de\/index.php?rest_route=\/wp\/v2\/types\/post"}],"author":[{"embeddable":true,"href":"http:\/\/alt-treptow.xn--sozialbndnis-jlb.de\/index.php?rest_route=\/wp\/v2\/users\/1"}],"replies":[{"embeddable":true,"href":"http:\/\/alt-treptow.xn--sozialbndnis-jlb.de\/index.php?rest_route=%2Fwp%2Fv2%2Fcomments&post=461"}],"version-history":[{"count":4,"href":"http:\/\/alt-treptow.xn--sozialbndnis-jlb.de\/index.php?rest_route=\/wp\/v2\/posts\/461\/revisions"}],"predecessor-version":[{"id":471,"href":"http:\/\/alt-treptow.xn--sozialbndnis-jlb.de\/index.php?rest_route=\/wp\/v2\/posts\/461\/revisions\/471"}],"wp:attachment":[{"href":"http:\/\/alt-treptow.xn--sozialbndnis-jlb.de\/index.php?rest_route=%2Fwp%2Fv2%2Fmedia&parent=461"}],"wp:term":[{"taxonomy":"category","embeddable":true,"href":"http:\/\/alt-treptow.xn--sozialbndnis-jlb.de\/index.php?rest_route=%2Fwp%2Fv2%2Fcategories&post=461"},{"taxonomy":"post_tag","embeddable":true,"href":"http:\/\/alt-treptow.xn--sozialbndnis-jlb.de\/index.php?rest_route=%2Fwp%2Fv2%2Ftags&post=461"},{"taxonomy":"city-topics","embeddable":true,"href":"http:\/\/alt-treptow.xn--sozialbndnis-jlb.de\/index.php?rest_route=%2Fwp%2Fv2%2Fcity-topics&post=461"}],"curies":[{"name":"wp","href":"https:\/\/api.w.org\/{rel}","templated":true}]}}