{"id":468,"date":"2019-11-21T16:40:46","date_gmt":"2019-11-21T14:40:46","guid":{"rendered":"http:\/\/alt-treptow.xn--sozialbndnis-jlb.de\/?p=468"},"modified":"2019-11-21T16:40:48","modified_gmt":"2019-11-21T14:40:48","slug":"kiefholzstr-11-fragen-an-baustadtrat-rainer-hoelmer","status":"publish","type":"post","link":"http:\/\/alt-treptow.xn--sozialbndnis-jlb.de\/?p=468","title":{"rendered":"Kiefholzstr. 11: Fragen an Baustadtrat Rainer H\u00f6lmer"},"content":{"rendered":"\n<p><strong>Frage Sigrun Merkle: Ist die geplant Modernisierungsma\u00dfnahme dem Bezirksamt bekannt?<\/strong><\/p>\n\n\n\n<p>Antwort Rainer H\u00f6lmer: Nein. Weder in den Akten noch in den aktuellen Antr\u00e4gen war bislang ein Vorgang bekannt.<\/p>\n\n\n\n<p><strong>Frage Sigrun Merkle: Wenn  ja, wurde der Besch\u00e4digungsgrad der Fassaden , mit der sich eine  W\u00e4rmed\u00e4mmma\u00dfnahme an einem Altbau begr\u00fcnden l\u00e4sst, seitens des  Bezirksamtes gepr\u00fcft?\u00a0 <\/strong><\/p>\n\n\n\n<p><strong>Anmerkung:  Die Stra\u00dfenfassade ist durch eine Kasettenstruktur profiliert und hat  dadurch den Charakter eines typischen Berliner Altbaus aus den 1920iger  Jahren. Ist es st\u00e4debaulich \u00fcberhaupt zul\u00e4ssig, diese Optik durch  D\u00e4mmma\u00dfnahmen zu ver\u00e4ndern? Ich halte die Einsch\u00e4tzung des Mieters zu  den Fassaden f\u00fcr zutreffend. Das Haus macht insgesamt einen guten  Eindruck. <\/strong><\/p>\n\n\n\n<figure class=\"wp-block-gallery columns-1 is-cropped wp-block-gallery-1 is-layout-flex wp-block-gallery-is-layout-flex\"><ul class=\"blocks-gallery-grid\"><li class=\"blocks-gallery-item\"><figure><img loading=\"lazy\" decoding=\"async\" width=\"360\" height=\"276\" src=\"http:\/\/alt-treptow.xn--sozialbndnis-jlb.de\/wp-content\/uploads\/2019\/11\/19-11-21_Kiefholzstr-11_01.png\" alt=\"\" data-id=\"469\" data-full-url=\"http:\/\/alt-treptow.xn--sozialbndnis-jlb.de\/wp-content\/uploads\/2019\/11\/19-11-21_Kiefholzstr-11_01.png\" data-link=\"http:\/\/alt-treptow.xn--sozialbndnis-jlb.de\/?attachment_id=469\" class=\"wp-image-469\" srcset=\"http:\/\/alt-treptow.xn--sozialbndnis-jlb.de\/wp-content\/uploads\/2019\/11\/19-11-21_Kiefholzstr-11_01.png 360w, http:\/\/alt-treptow.xn--sozialbndnis-jlb.de\/wp-content\/uploads\/2019\/11\/19-11-21_Kiefholzstr-11_01-300x230.png 300w\" sizes=\"auto, (max-width: 360px) 85vw, 360px\" \/><\/figure><\/li><\/ul><\/figure>\n\n\n\n<p>Antwort Rainer H\u00f6lmer:  Nach Angaben der vom Eigent\u00fcmer beauftragten Baudurchf\u00fchrung handelt es sich bei der Bauma\u00dfnahme um Instandsetzungsma\u00dfnahmen der Stra\u00dfen- und Hoffassade. An der Hoffassade wird der durch Feuchtigkeit gesch\u00e4digte Putz im Sockelbereich abgebrochen, eine Fl\u00e4chenabdichtung aufgetragen und die Putzfl\u00e4chen wieder hergestellt.<\/p>\n\n\n\n<p>An der Stra\u00dfenfassade erfolgt eine Risssanierung und Putzarbeiten an den gesch\u00e4digten Balkonunterseiten. Das Fassadenbild bleibt erhalten.<\/p>\n\n\n\n<p>Die abschlie\u00dfenden Beschichtungsarbeiten an der Stra\u00dfen- und Hoffassade werden gem. des bestehenden Farbtons ausgef\u00fchrt.<\/p>\n\n\n\n<p>Die Instandsetzung der Fassaden kann nicht auf die Mieten umgelegt werden.<\/p>\n\n\n\n<p><strong>Frage Sigrun Merkle:<\/strong> <strong>Was unternimmt das Bezirksamt, falls die Ma\u00dfnahmen nicht bekannt sind? Wird der Eigent\u00fcmer sofort zum Nicht-Beginn aufgefordert?<\/strong><\/p>\n\n\n\n<p>Antwort Rainer H\u00f6lmer:  Wir haben Ihre Anfrage zum Anlass genommen, den Eigent\u00fcmer dahingehend anzuschreiben. Die Antwort findet sich zu Frage 2 wieder.  <\/p>\n\n\n\n<p> <strong>Frage Sigrun Merkle:<\/strong> <strong>Gibt es eine Zusammenarbeit mit dem Ordnungsamt in der Art, dass das Ordnungsamt neue Aktivit\u00e4ten dem Stadtplanungsamt mitteilt, damit offensichtliche Modernisierungen von dem  Stadtplanungsamt auf ihre ordentliche Beantragung Abwicklung gepr\u00fcft werden k\u00f6nnen.<\/strong><\/p>\n\n\n\n<p> Antwort Rainer H\u00f6lmer:  Nein. Zu meinem gro\u00dfen Bedauern fehlen schon seit Jahren die personellen Voraussetzungen f\u00fcr regelm\u00e4\u00dfige Baukontrollen.<\/p>\n","protected":false},"excerpt":{"rendered":"<p>Frage Sigrun Merkle: Ist die geplant Modernisierungsma\u00dfnahme dem Bezirksamt bekannt? Antwort Rainer H\u00f6lmer: Nein. Weder in den Akten noch in den aktuellen Antr\u00e4gen war bislang ein Vorgang bekannt. Frage Sigrun Merkle: Wenn ja, wurde der Besch\u00e4digungsgrad der Fassaden , mit der sich eine W\u00e4rmed\u00e4mmma\u00dfnahme an einem Altbau begr\u00fcnden l\u00e4sst, seitens des Bezirksamtes gepr\u00fcft?\u00a0 Anmerkung: Die &hellip; <a href=\"http:\/\/alt-treptow.xn--sozialbndnis-jlb.de\/?p=468\" class=\"more-link\"><span class=\"screen-reader-text\">&#8222;Kiefholzstr. 11: Fragen an Baustadtrat Rainer H\u00f6lmer&#8220; <\/span>weiterlesen<\/a><\/p>\n","protected":false},"author":1,"featured_media":0,"comment_status":"open","ping_status":"open","sticky":false,"template":"","format":"standard","meta":{"footnotes":""},"categories":[1,25],"tags":[33,34,32],"city-topics":[],"class_list":["post-468","post","type-post","status-publish","format-standard","hentry","category-aktuelles","category-neues","tag-baustadtrat","tag-hoelmer","tag-kiefholzstrasse"],"categories_names":[{"link":"http:\/\/alt-treptow.xn--sozialbndnis-jlb.de\/?cat=1","name":"Aktuelles"},{"link":"http:\/\/alt-treptow.xn--sozialbndnis-jlb.de\/?cat=25","name":"Neues"}],"tag_names":[{"link":"http:\/\/alt-treptow.xn--sozialbndnis-jlb.de\/?tag=baustadtrat","name":"Baustadtrat"},{"link":"http:\/\/alt-treptow.xn--sozialbndnis-jlb.de\/?tag=hoelmer","name":"H\u00f6lmer."},{"link":"http:\/\/alt-treptow.xn--sozialbndnis-jlb.de\/?tag=kiefholzstrasse","name":"Kiefholzstra\u00dfe"}],"city_topics_names":[],"partner_color_1":"#30c9b5","partner_color_2":"#c4a51b","featured_image_url":"","liability_content":"Hans Zosch","imprint_url":"http:\/\/alt-treptow.sozialb\u00fcndnis.de\/?page_id=607","_links":{"self":[{"href":"http:\/\/alt-treptow.xn--sozialbndnis-jlb.de\/index.php?rest_route=\/wp\/v2\/posts\/468","targetHints":{"allow":["GET"]}}],"collection":[{"href":"http:\/\/alt-treptow.xn--sozialbndnis-jlb.de\/index.php?rest_route=\/wp\/v2\/posts"}],"about":[{"href":"http:\/\/alt-treptow.xn--sozialbndnis-jlb.de\/index.php?rest_route=\/wp\/v2\/types\/post"}],"author":[{"embeddable":true,"href":"http:\/\/alt-treptow.xn--sozialbndnis-jlb.de\/index.php?rest_route=\/wp\/v2\/users\/1"}],"replies":[{"embeddable":true,"href":"http:\/\/alt-treptow.xn--sozialbndnis-jlb.de\/index.php?rest_route=%2Fwp%2Fv2%2Fcomments&post=468"}],"version-history":[{"count":1,"href":"http:\/\/alt-treptow.xn--sozialbndnis-jlb.de\/index.php?rest_route=\/wp\/v2\/posts\/468\/revisions"}],"predecessor-version":[{"id":470,"href":"http:\/\/alt-treptow.xn--sozialbndnis-jlb.de\/index.php?rest_route=\/wp\/v2\/posts\/468\/revisions\/470"}],"wp:attachment":[{"href":"http:\/\/alt-treptow.xn--sozialbndnis-jlb.de\/index.php?rest_route=%2Fwp%2Fv2%2Fmedia&parent=468"}],"wp:term":[{"taxonomy":"category","embeddable":true,"href":"http:\/\/alt-treptow.xn--sozialbndnis-jlb.de\/index.php?rest_route=%2Fwp%2Fv2%2Fcategories&post=468"},{"taxonomy":"post_tag","embeddable":true,"href":"http:\/\/alt-treptow.xn--sozialbndnis-jlb.de\/index.php?rest_route=%2Fwp%2Fv2%2Ftags&post=468"},{"taxonomy":"city-topics","embeddable":true,"href":"http:\/\/alt-treptow.xn--sozialbndnis-jlb.de\/index.php?rest_route=%2Fwp%2Fv2%2Fcity-topics&post=468"}],"curies":[{"name":"wp","href":"https:\/\/api.w.org\/{rel}","templated":true}]}}