{"id":509,"date":"2019-12-11T15:57:18","date_gmt":"2019-12-11T13:57:18","guid":{"rendered":"http:\/\/alt-treptow.xn--sozialbndnis-jlb.de\/?p=509"},"modified":"2019-12-11T16:04:51","modified_gmt":"2019-12-11T14:04:51","slug":"mietenspiegel-mietpreisbremse-abfrageservice","status":"publish","type":"post","link":"http:\/\/alt-treptow.xn--sozialbndnis-jlb.de\/?p=509","title":{"rendered":"Mietenspiegel + Mietpreisbremse Abfrageservice"},"content":{"rendered":"\n<p>Auf der Webseite,  <a href=\"https:\/\/www.stadtentwicklung.berlin.de\/index.shtml\">Sen<\/a><a href=\"https:\/\/www.stadtentwicklung.berlin.de\/wohnen\/mieterfibel\/de\/m_miete1.shtml\">atsverwaltung f\u00fcr <strong>Stadtentwicklung und Wohnen<\/strong><\/a>, gibt es einen Abfrageservice f\u00fcr den Mietenspiegel. <\/p>\n\n\n\n<p> F\u00fcr alle ab 1. Juni 2015 abgeschlossenen Mietvertr\u00e4ge \u00fcber Wohnraum darf  die Miete zu Beginn des Mietverh\u00e4ltnisses grunds\u00e4tzlich die orts\u00fcbliche  Vergleichsmiete h\u00f6chstens um 10&nbsp;% \u00fcbersteigen (\u00a7&nbsp;556d Abs.&nbsp;1 BGB). <\/p>\n\n\n\n<p>Der Abfrageservice ist nicht rechtsverbindlich, hilft aber dabei einzusch\u00e4tzen ob weitere Schritte sich lohnen k\u00f6nnten. <\/p>\n\n\n\n<p>Hier gehts zum Abfrageserice: <a href=\"https:\/\/www.stadtentwicklung.berlin.de\/wohnen\/mietspiegel\/index.shtml\">https:\/\/www.stadtentwicklung.berlin.de\/wohnen\/mietspiegel\/index.shtml<\/a><\/p>\n\n\n\n<p>Auf unserer Seite: <a href=\"http:\/\/alt-treptow.sozialb\u00fcndnis.de\/?page_id=476\">Links + Infos<\/a>, finden ihr Hinweise zur kostenlosen Mieterberatung sowie Mietervereine.<\/p>\n","protected":false},"excerpt":{"rendered":"<p>Auf der Webseite, Senatsverwaltung f\u00fcr Stadtentwicklung und Wohnen, gibt es einen Abfrageservice f\u00fcr den Mietenspiegel. F\u00fcr alle ab 1. Juni 2015 abgeschlossenen Mietvertr\u00e4ge \u00fcber Wohnraum darf die Miete zu Beginn des Mietverh\u00e4ltnisses grunds\u00e4tzlich die orts\u00fcbliche Vergleichsmiete h\u00f6chstens um 10&nbsp;% \u00fcbersteigen (\u00a7&nbsp;556d Abs.&nbsp;1 BGB). Der Abfrageservice ist nicht rechtsverbindlich, hilft aber dabei einzusch\u00e4tzen ob weitere Schritte &hellip; <a href=\"http:\/\/alt-treptow.xn--sozialbndnis-jlb.de\/?p=509\" class=\"more-link\"><span class=\"screen-reader-text\">&#8222;Mietenspiegel + Mietpreisbremse Abfrageservice&#8220; <\/span>weiterlesen<\/a><\/p>\n","protected":false},"author":1,"featured_media":0,"comment_status":"open","ping_status":"open","sticky":false,"template":"","format":"standard","meta":{"footnotes":""},"categories":[1],"tags":[39,37,38],"city-topics":[],"class_list":["post-509","post","type-post","status-publish","format-standard","hentry","category-aktuelles","tag-abfrageservice","tag-mietenspiegel","tag-mietpreisbremse"],"categories_names":[{"link":"http:\/\/alt-treptow.xn--sozialbndnis-jlb.de\/?cat=1","name":"Aktuelles"}],"tag_names":[{"link":"http:\/\/alt-treptow.xn--sozialbndnis-jlb.de\/?tag=abfrageservice","name":"Abfrageservice"},{"link":"http:\/\/alt-treptow.xn--sozialbndnis-jlb.de\/?tag=mietenspiegel","name":"Mietenspiegel"},{"link":"http:\/\/alt-treptow.xn--sozialbndnis-jlb.de\/?tag=mietpreisbremse","name":"Mietpreisbremse"}],"city_topics_names":[],"partner_color_1":"#30c9b5","partner_color_2":"#c4a51b","featured_image_url":"","liability_content":"Hans Zosch","imprint_url":"http:\/\/alt-treptow.sozialb\u00fcndnis.de\/?page_id=607","_links":{"self":[{"href":"http:\/\/alt-treptow.xn--sozialbndnis-jlb.de\/index.php?rest_route=\/wp\/v2\/posts\/509","targetHints":{"allow":["GET"]}}],"collection":[{"href":"http:\/\/alt-treptow.xn--sozialbndnis-jlb.de\/index.php?rest_route=\/wp\/v2\/posts"}],"about":[{"href":"http:\/\/alt-treptow.xn--sozialbndnis-jlb.de\/index.php?rest_route=\/wp\/v2\/types\/post"}],"author":[{"embeddable":true,"href":"http:\/\/alt-treptow.xn--sozialbndnis-jlb.de\/index.php?rest_route=\/wp\/v2\/users\/1"}],"replies":[{"embeddable":true,"href":"http:\/\/alt-treptow.xn--sozialbndnis-jlb.de\/index.php?rest_route=%2Fwp%2Fv2%2Fcomments&post=509"}],"version-history":[{"count":5,"href":"http:\/\/alt-treptow.xn--sozialbndnis-jlb.de\/index.php?rest_route=\/wp\/v2\/posts\/509\/revisions"}],"predecessor-version":[{"id":514,"href":"http:\/\/alt-treptow.xn--sozialbndnis-jlb.de\/index.php?rest_route=\/wp\/v2\/posts\/509\/revisions\/514"}],"wp:attachment":[{"href":"http:\/\/alt-treptow.xn--sozialbndnis-jlb.de\/index.php?rest_route=%2Fwp%2Fv2%2Fmedia&parent=509"}],"wp:term":[{"taxonomy":"category","embeddable":true,"href":"http:\/\/alt-treptow.xn--sozialbndnis-jlb.de\/index.php?rest_route=%2Fwp%2Fv2%2Fcategories&post=509"},{"taxonomy":"post_tag","embeddable":true,"href":"http:\/\/alt-treptow.xn--sozialbndnis-jlb.de\/index.php?rest_route=%2Fwp%2Fv2%2Ftags&post=509"},{"taxonomy":"city-topics","embeddable":true,"href":"http:\/\/alt-treptow.xn--sozialbndnis-jlb.de\/index.php?rest_route=%2Fwp%2Fv2%2Fcity-topics&post=509"}],"curies":[{"name":"wp","href":"https:\/\/api.w.org\/{rel}","templated":true}]}}