{"id":580,"date":"2020-09-25T11:23:53","date_gmt":"2020-09-25T09:23:53","guid":{"rendered":"http:\/\/alt-treptow.xn--sozialbndnis-jlb.de\/?p=580"},"modified":"2020-11-10T10:17:39","modified_gmt":"2020-11-10T08:17:39","slug":"antwort-bezirksbuergermeister-herr-igel-leerstand-kruellstrasse-12","status":"publish","type":"post","link":"http:\/\/alt-treptow.xn--sozialbndnis-jlb.de\/?p=580","title":{"rendered":"Antwort Bezirksb\u00fcrgermeister Herr Igel &#8211; Leerstand Kr\u00fcllstra\u00dfe 12"},"content":{"rendered":"\n<figure class=\"wp-block-image size-large\"><img loading=\"lazy\" decoding=\"async\" width=\"724\" height=\"1024\" src=\"http:\/\/alt-treptow.xn--sozialbndnis-jlb.de\/wp-content\/uploads\/2020\/09\/20-09-25_Brief_Igel-1-724x1024.jpg\" alt=\"\" class=\"wp-image-581\" srcset=\"http:\/\/alt-treptow.xn--sozialbndnis-jlb.de\/wp-content\/uploads\/2020\/09\/20-09-25_Brief_Igel-1-724x1024.jpg 724w, http:\/\/alt-treptow.xn--sozialbndnis-jlb.de\/wp-content\/uploads\/2020\/09\/20-09-25_Brief_Igel-1-212x300.jpg 212w, http:\/\/alt-treptow.xn--sozialbndnis-jlb.de\/wp-content\/uploads\/2020\/09\/20-09-25_Brief_Igel-1-768x1086.jpg 768w, http:\/\/alt-treptow.xn--sozialbndnis-jlb.de\/wp-content\/uploads\/2020\/09\/20-09-25_Brief_Igel-1-1087x1536.jpg 1087w, http:\/\/alt-treptow.xn--sozialbndnis-jlb.de\/wp-content\/uploads\/2020\/09\/20-09-25_Brief_Igel-1-1449x2048.jpg 1449w, http:\/\/alt-treptow.xn--sozialbndnis-jlb.de\/wp-content\/uploads\/2020\/09\/20-09-25_Brief_Igel-1-1200x1696.jpg 1200w, http:\/\/alt-treptow.xn--sozialbndnis-jlb.de\/wp-content\/uploads\/2020\/09\/20-09-25_Brief_Igel-1.jpg 1654w\" sizes=\"auto, (max-width: 709px) 85vw, (max-width: 909px) 67vw, (max-width: 984px) 61vw, (max-width: 1362px) 45vw, 600px\" \/><\/figure>\n","protected":false},"excerpt":{"rendered":"","protected":false},"author":1,"featured_media":0,"comment_status":"open","ping_status":"open","sticky":false,"template":"","format":"standard","meta":{"footnotes":""},"categories":[1,18,5,25,19],"tags":[67,65,64,66,68],"city-topics":[77],"class_list":["post-580","post","type-post","status-publish","format-standard","hentry","category-aktuelles","category-kiezblog","category-milieuschutz","category-neues","category-wohnungspolitik","tag-igel","tag-kruellstrasse","tag-leerstand","tag-padovicz","tag-spd","city-topics-berlinweit-veroeffentlichen"],"categories_names":[{"link":"http:\/\/alt-treptow.xn--sozialbndnis-jlb.de\/?cat=1","name":"Aktuelles"},{"link":"http:\/\/alt-treptow.xn--sozialbndnis-jlb.de\/?cat=18","name":"Kiezblog"},{"link":"http:\/\/alt-treptow.xn--sozialbndnis-jlb.de\/?cat=5","name":"Milieuschutz"},{"link":"http:\/\/alt-treptow.xn--sozialbndnis-jlb.de\/?cat=25","name":"Neues"},{"link":"http:\/\/alt-treptow.xn--sozialbndnis-jlb.de\/?cat=19","name":"Wohnungspolitik"}],"tag_names":[{"link":"http:\/\/alt-treptow.xn--sozialbndnis-jlb.de\/?tag=igel","name":"Igel"},{"link":"http:\/\/alt-treptow.xn--sozialbndnis-jlb.de\/?tag=kruellstrasse","name":"Kr\u00fcllstra\u00dfe"},{"link":"http:\/\/alt-treptow.xn--sozialbndnis-jlb.de\/?tag=leerstand","name":"Leerstand"},{"link":"http:\/\/alt-treptow.xn--sozialbndnis-jlb.de\/?tag=padovicz","name":"Padovicz"},{"link":"http:\/\/alt-treptow.xn--sozialbndnis-jlb.de\/?tag=spd","name":"SPD"}],"city_topics_names":[{"link":"http:\/\/alt-treptow.xn--sozialbndnis-jlb.de\/?city-topics=berlinweit-veroeffentlichen","name":"berlinweit ver\u00f6ffentlichen"}],"partner_color_1":"#30c9b5","partner_color_2":"#c4a51b","featured_image_url":"","liability_content":"Hans Zosch","imprint_url":"http:\/\/alt-treptow.sozialb\u00fcndnis.de\/?page_id=607","_links":{"self":[{"href":"http:\/\/alt-treptow.xn--sozialbndnis-jlb.de\/index.php?rest_route=\/wp\/v2\/posts\/580","targetHints":{"allow":["GET"]}}],"collection":[{"href":"http:\/\/alt-treptow.xn--sozialbndnis-jlb.de\/index.php?rest_route=\/wp\/v2\/posts"}],"about":[{"href":"http:\/\/alt-treptow.xn--sozialbndnis-jlb.de\/index.php?rest_route=\/wp\/v2\/types\/post"}],"author":[{"embeddable":true,"href":"http:\/\/alt-treptow.xn--sozialbndnis-jlb.de\/index.php?rest_route=\/wp\/v2\/users\/1"}],"replies":[{"embeddable":true,"href":"http:\/\/alt-treptow.xn--sozialbndnis-jlb.de\/index.php?rest_route=%2Fwp%2Fv2%2Fcomments&post=580"}],"version-history":[{"count":1,"href":"http:\/\/alt-treptow.xn--sozialbndnis-jlb.de\/index.php?rest_route=\/wp\/v2\/posts\/580\/revisions"}],"predecessor-version":[{"id":582,"href":"http:\/\/alt-treptow.xn--sozialbndnis-jlb.de\/index.php?rest_route=\/wp\/v2\/posts\/580\/revisions\/582"}],"wp:attachment":[{"href":"http:\/\/alt-treptow.xn--sozialbndnis-jlb.de\/index.php?rest_route=%2Fwp%2Fv2%2Fmedia&parent=580"}],"wp:term":[{"taxonomy":"category","embeddable":true,"href":"http:\/\/alt-treptow.xn--sozialbndnis-jlb.de\/index.php?rest_route=%2Fwp%2Fv2%2Fcategories&post=580"},{"taxonomy":"post_tag","embeddable":true,"href":"http:\/\/alt-treptow.xn--sozialbndnis-jlb.de\/index.php?rest_route=%2Fwp%2Fv2%2Ftags&post=580"},{"taxonomy":"city-topics","embeddable":true,"href":"http:\/\/alt-treptow.xn--sozialbndnis-jlb.de\/index.php?rest_route=%2Fwp%2Fv2%2Fcity-topics&post=580"}],"curies":[{"name":"wp","href":"https:\/\/api.w.org\/{rel}","templated":true}]}}