{"id":624,"date":"2020-11-21T14:17:28","date_gmt":"2020-11-21T12:17:28","guid":{"rendered":"http:\/\/alt-treptow.xn--sozialbndnis-jlb.de\/?p=624"},"modified":"2020-11-21T14:21:12","modified_gmt":"2020-11-21T12:21:12","slug":"leerstand-kruellstr-12-ueberraschende-aussagen-des-bezirksamts-treptow-koepenick","status":"publish","type":"post","link":"http:\/\/alt-treptow.xn--sozialbndnis-jlb.de\/?p=624","title":{"rendered":"Leerstand Kr\u00fcllstr.12 \u2013 \u00fcberraschende Aussagen des Bezirksamts Treptow \u2013 K\u00f6penick"},"content":{"rendered":"\n<p>Der jahrelange Leerstand des Altbaus in der Kr\u00fcllstra\u00dfe 12ist den BewohnerInnen des Kungerkiezes seit langem bekannt.<\/p>\n\n\n\n<p>Der Eigent\u00fcmer des Hauses, Herr Padovicz, war bisher nicht willens oder imstande einen genehmigungsf\u00e4higen Bauantrag zurSanierung des Hauses zu stellen, das Bezirksamt Treptow \u2013 K\u00f6penick lie\u00df ihn jahrelang gew\u00e4hren, der Zustand des Hauses verschlechterte sich immer weiter.<\/p>\n\n\n\n<p>Doch endlich schien Bewegung in die traurige Angelegenheit zu kommen. Auf eine Anfrage des Linkspartei \u2013 Abgeordneten Uwe D\u00f6ring, wann die Sanierungsarbeiten beginnen sollen, antwortete der Bezirksb\u00fcrgermeister des Bezirksamtes Treptow \u2013 K\u00f6penick, Oliver Igel,folgenderma\u00dfen:<\/p>\n\n\n\n<p>Nachdem der erhaltungsrechtliche Bauantrag des Eigent\u00fcmers Padovicz aufgrund einer nicht genehmigungsf\u00e4higen energetischen Sanierung<strong> abgelehnt <\/strong>wurde, solle nun die Wiedervermietung der Wohnungen erfolgen.<\/p>\n\n\n\n<p>Es konnte bereits festgestellt werden, so der Fachbereich Wohnen, dass seit Ende September 9 Wohnungen wieder vermietet seien, 10 weitere Wohnungen m\u00fcssten noch in Stand gesetzt werden,um sie dann zu vermieten.<\/p>\n\n\n\n<p>Der Fachbereich Wohnen des Bezirksamts&nbsp; werde dies kontrollieren.<\/p>\n\n\n\n<p>Doch in der Kr\u00fcllstra\u00dfe 12 gab es&nbsp; &#8211; bis auf die zwei Wohnungen, die von Altmietern bewohnt werden &#8211; auch weiterhin kein Licht in den Wohnungen, es gab keine Handwerker,die Wohnungen in dem Haus sanierten, es gab keine Klingelanlage an der Eingangst\u00fcr.<\/p>\n\n\n\n<p>Eine telefonische Nachfrage des Sozialb\u00fcndnis Alt \u2013 Treptow beim Fachamt f\u00fcr Wohnen, wie denn die Wiederzuf\u00fchrung der Wohnungen \u00fcberpr\u00fcft w\u00fcrde, ergab eine \u00fcberraschende Antwort:<\/p>\n\n\n\n<p>Man habe beim Einwohnermeldeamt nachgefragt, ob es Anmeldungen auf die Kr\u00fcllstr.12 gebe und&nbsp; es gab neun Anmeldungen. Daraus habe man den Schluss gezogen, das neun Wohnungen vermietet seien, eine Nachfrage beim Eigent\u00fcmer habe aber dann ergeben, das <strong>nur zwei Wohnungen vermietet seien<\/strong>.<\/p>\n\n\n\n<p>Eine Sanierung und Wiedervermietung der Wohnungen ohne Gesamtsanierung des Hauses sei nicht geplant. Der Eigent\u00fcmer plane weiterhin eine Sanierung des Hauses, deshalb w\u00fcrden keine Bu\u00dfgelder wegen unerlaubten Leerstandes verh\u00e4ngt. Das Stadtentwicklungsamt versuche weiterhin, einen genehmigungs &#8211; f\u00e4higen Bauplan mit dem Eigent\u00fcmer des Hauses zu erarbeiten.<\/p>\n\n\n\n<p>Die BewohnerInnen des Kungerkiezes warten nun bereits <strong>seit mehr als 5 Jahren!<\/strong> auf eine Sanierung des Hauses. Der Eigent\u00fcmer, Herr Padovicz, hatte gen\u00fcgend Zeit, einen genehmigungsf\u00e4higen Bauantrag vorzulegen.Nun m\u00fcssen die Wohnungen wieder instand gesetzt und der Vermietung zugef\u00fchrt werden.Dies zu kontrollieren ist Aufgabe des Bezirksamts.<\/p>\n\n\n\n<p>Zur Erinnerung die Aussage des B\u00fcrgermeisters von Treptow \u2013 K\u00f6penick, Oliver Igel, in der Zeitung nd am 17.10.2020:<\/p>\n\n\n\n<p>\u201e Sollte der Bauantrag ( des Eigent\u00fcmers) jetzt<strong> abgelehnt <\/strong>werden, wird die Wiedervermietung betrieben\u201c&nbsp;&nbsp;&nbsp;&nbsp;&nbsp;&nbsp;&nbsp;&nbsp;&nbsp;&nbsp;&nbsp;&nbsp;&nbsp;&nbsp;&nbsp;&nbsp;&nbsp;&nbsp;&nbsp;&nbsp;&nbsp;&nbsp;&nbsp;&nbsp;&nbsp;&nbsp;&nbsp;&nbsp;&nbsp;&nbsp;&nbsp;&nbsp;&nbsp;&nbsp;&nbsp;&nbsp;&nbsp;&nbsp;&nbsp;&nbsp;&nbsp;&nbsp;&nbsp;&nbsp;&nbsp;&nbsp;&nbsp;&nbsp;&nbsp;&nbsp;&nbsp;&nbsp;&nbsp;&nbsp;&nbsp;&nbsp;&nbsp;&nbsp;&nbsp;&nbsp;&nbsp;&nbsp;&nbsp;<\/p>\n\n\n\n<p>Sozialb\u00fcndnis Alt \u2013 Treptow<\/p>\n\n\n\n<p>21.11.2020<\/p>\n","protected":false},"excerpt":{"rendered":"<p>Der jahrelange Leerstand des Altbaus in der Kr\u00fcllstra\u00dfe 12ist den BewohnerInnen des Kungerkiezes seit langem bekannt. Der Eigent\u00fcmer des Hauses, Herr Padovicz, war bisher nicht willens oder imstande einen genehmigungsf\u00e4higen Bauantrag zurSanierung des Hauses zu stellen, das Bezirksamt Treptow \u2013 K\u00f6penick lie\u00df ihn jahrelang gew\u00e4hren, der Zustand des Hauses verschlechterte sich immer weiter. Doch endlich &hellip; <a href=\"http:\/\/alt-treptow.xn--sozialbndnis-jlb.de\/?p=624\" class=\"more-link\"><span class=\"screen-reader-text\">&#8222;Leerstand Kr\u00fcllstr.12 \u2013 \u00fcberraschende Aussagen des Bezirksamts Treptow \u2013 K\u00f6penick&#8220; <\/span>weiterlesen<\/a><\/p>\n","protected":false},"author":1,"featured_media":570,"comment_status":"open","ping_status":"open","sticky":false,"template":"","format":"standard","meta":{"footnotes":""},"categories":[1],"tags":[67,65,64,66,68],"city-topics":[],"class_list":["post-624","post","type-post","status-publish","format-standard","has-post-thumbnail","hentry","category-aktuelles","tag-igel","tag-kruellstrasse","tag-leerstand","tag-padovicz","tag-spd"],"categories_names":[{"link":"http:\/\/alt-treptow.xn--sozialbndnis-jlb.de\/?cat=1","name":"Aktuelles"}],"tag_names":[{"link":"http:\/\/alt-treptow.xn--sozialbndnis-jlb.de\/?tag=igel","name":"Igel"},{"link":"http:\/\/alt-treptow.xn--sozialbndnis-jlb.de\/?tag=kruellstrasse","name":"Kr\u00fcllstra\u00dfe"},{"link":"http:\/\/alt-treptow.xn--sozialbndnis-jlb.de\/?tag=leerstand","name":"Leerstand"},{"link":"http:\/\/alt-treptow.xn--sozialbndnis-jlb.de\/?tag=padovicz","name":"Padovicz"},{"link":"http:\/\/alt-treptow.xn--sozialbndnis-jlb.de\/?tag=spd","name":"SPD"}],"city_topics_names":[],"partner_color_1":"#30c9b5","partner_color_2":"#c4a51b","featured_image_url":"http:\/\/alt-treptow.xn--sozialbndnis-jlb.de\/wp-content\/uploads\/2020\/09\/20200811_160546-1-scaled.jpg","liability_content":"Hans Zosch","imprint_url":"http:\/\/alt-treptow.sozialb\u00fcndnis.de\/?page_id=607","_links":{"self":[{"href":"http:\/\/alt-treptow.xn--sozialbndnis-jlb.de\/index.php?rest_route=\/wp\/v2\/posts\/624","targetHints":{"allow":["GET"]}}],"collection":[{"href":"http:\/\/alt-treptow.xn--sozialbndnis-jlb.de\/index.php?rest_route=\/wp\/v2\/posts"}],"about":[{"href":"http:\/\/alt-treptow.xn--sozialbndnis-jlb.de\/index.php?rest_route=\/wp\/v2\/types\/post"}],"author":[{"embeddable":true,"href":"http:\/\/alt-treptow.xn--sozialbndnis-jlb.de\/index.php?rest_route=\/wp\/v2\/users\/1"}],"replies":[{"embeddable":true,"href":"http:\/\/alt-treptow.xn--sozialbndnis-jlb.de\/index.php?rest_route=%2Fwp%2Fv2%2Fcomments&post=624"}],"version-history":[{"count":2,"href":"http:\/\/alt-treptow.xn--sozialbndnis-jlb.de\/index.php?rest_route=\/wp\/v2\/posts\/624\/revisions"}],"predecessor-version":[{"id":626,"href":"http:\/\/alt-treptow.xn--sozialbndnis-jlb.de\/index.php?rest_route=\/wp\/v2\/posts\/624\/revisions\/626"}],"wp:featuredmedia":[{"embeddable":true,"href":"http:\/\/alt-treptow.xn--sozialbndnis-jlb.de\/index.php?rest_route=\/wp\/v2\/media\/570"}],"wp:attachment":[{"href":"http:\/\/alt-treptow.xn--sozialbndnis-jlb.de\/index.php?rest_route=%2Fwp%2Fv2%2Fmedia&parent=624"}],"wp:term":[{"taxonomy":"category","embeddable":true,"href":"http:\/\/alt-treptow.xn--sozialbndnis-jlb.de\/index.php?rest_route=%2Fwp%2Fv2%2Fcategories&post=624"},{"taxonomy":"post_tag","embeddable":true,"href":"http:\/\/alt-treptow.xn--sozialbndnis-jlb.de\/index.php?rest_route=%2Fwp%2Fv2%2Ftags&post=624"},{"taxonomy":"city-topics","embeddable":true,"href":"http:\/\/alt-treptow.xn--sozialbndnis-jlb.de\/index.php?rest_route=%2Fwp%2Fv2%2Fcity-topics&post=624"}],"curies":[{"name":"wp","href":"https:\/\/api.w.org\/{rel}","templated":true}]}}