{"id":634,"date":"2020-11-30T11:42:42","date_gmt":"2020-11-30T09:42:42","guid":{"rendered":"http:\/\/alt-treptow.xn--sozialbndnis-jlb.de\/?p=634"},"modified":"2020-11-30T11:42:42","modified_gmt":"2020-11-30T09:42:42","slug":"ergaenzung-zur-kruellstr-12","status":"publish","type":"post","link":"http:\/\/alt-treptow.xn--sozialbndnis-jlb.de\/?p=634","title":{"rendered":"Erg\u00e4nzung zur Kr\u00fcllstr.12"},"content":{"rendered":"\n<p>Die Frist f\u00fcr einen genehmigungsf\u00e4higen Bauantrag zur Sanierung der Kr\u00fcllstr. 12 durch den Eigent\u00fcmer, Herrn Padovicz, wurde vom Bezirksamt Treptow \u2013 K\u00f6penick bis zum 31.12.2020 verl\u00e4ngert.<\/p>\n\n\n\n<p>Von Seiten des Herrn Padovicz, liegt ein Antrag auf eine&nbsp; Genehmigung zum weiteren Leerstand des Hauses vor, \u00fcber den das Bezirksamt&nbsp; noch nicht entschieden hat.<\/p>\n\n\n\n<p>Sollte bis zum 31.12.2020 kein genehmigungsf\u00e4higer Bauantrag zur Sanierung der Kr\u00fcllstr.12 vorliegen, fordern wir das Bezirksamt Treptow \u2013 K\u00f6penick auf, einen weiteren Leerstand des Hauses zu untersagen und die Wiedervermietung der Wohnungen unverz\u00fcglich vorzunehmen.<\/p>\n\n\n\n<p>So wie dies Herr Igel, Bezirksb\u00fcrgermeister von Treptow \u2013 K\u00f6penick, versprochen hat.<\/p>\n\n\n\n<p>Das Sozialb\u00fcndnis Alt \u2013 Treptow wird den Vorgang weiterhin verfolgen und die BewohnerInnen des Kungerkiezes informieren.<\/p>\n\n\n\n<p>Sozialb\u00fcndnis Alt \u2013 Treptow<\/p>\n\n\n\n<p>Berlin 30.11.2020<\/p>\n","protected":false},"excerpt":{"rendered":"<p>Die Frist f\u00fcr einen genehmigungsf\u00e4higen Bauantrag zur Sanierung der Kr\u00fcllstr. 12 durch den Eigent\u00fcmer, Herrn Padovicz, wurde vom Bezirksamt Treptow \u2013 K\u00f6penick bis zum 31.12.2020 verl\u00e4ngert. Von Seiten des Herrn Padovicz, liegt ein Antrag auf eine&nbsp; Genehmigung zum weiteren Leerstand des Hauses vor, \u00fcber den das Bezirksamt&nbsp; noch nicht entschieden hat. Sollte bis zum 31.12.2020 &hellip; <a href=\"http:\/\/alt-treptow.xn--sozialbndnis-jlb.de\/?p=634\" class=\"more-link\"><span class=\"screen-reader-text\">&#8222;Erg\u00e4nzung zur Kr\u00fcllstr.12&#8220; <\/span>weiterlesen<\/a><\/p>\n","protected":false},"author":1,"featured_media":0,"comment_status":"open","ping_status":"open","sticky":false,"template":"","format":"standard","meta":{"footnotes":""},"categories":[1,5],"tags":[67,65,64,66,68],"city-topics":[],"class_list":["post-634","post","type-post","status-publish","format-standard","hentry","category-aktuelles","category-milieuschutz","tag-igel","tag-kruellstrasse","tag-leerstand","tag-padovicz","tag-spd"],"categories_names":[{"link":"http:\/\/alt-treptow.xn--sozialbndnis-jlb.de\/?cat=1","name":"Aktuelles"},{"link":"http:\/\/alt-treptow.xn--sozialbndnis-jlb.de\/?cat=5","name":"Milieuschutz"}],"tag_names":[{"link":"http:\/\/alt-treptow.xn--sozialbndnis-jlb.de\/?tag=igel","name":"Igel"},{"link":"http:\/\/alt-treptow.xn--sozialbndnis-jlb.de\/?tag=kruellstrasse","name":"Kr\u00fcllstra\u00dfe"},{"link":"http:\/\/alt-treptow.xn--sozialbndnis-jlb.de\/?tag=leerstand","name":"Leerstand"},{"link":"http:\/\/alt-treptow.xn--sozialbndnis-jlb.de\/?tag=padovicz","name":"Padovicz"},{"link":"http:\/\/alt-treptow.xn--sozialbndnis-jlb.de\/?tag=spd","name":"SPD"}],"city_topics_names":[],"partner_color_1":"#30c9b5","partner_color_2":"#c4a51b","featured_image_url":"","liability_content":"Hans Zosch","imprint_url":"http:\/\/alt-treptow.sozialb\u00fcndnis.de\/?page_id=607","_links":{"self":[{"href":"http:\/\/alt-treptow.xn--sozialbndnis-jlb.de\/index.php?rest_route=\/wp\/v2\/posts\/634","targetHints":{"allow":["GET"]}}],"collection":[{"href":"http:\/\/alt-treptow.xn--sozialbndnis-jlb.de\/index.php?rest_route=\/wp\/v2\/posts"}],"about":[{"href":"http:\/\/alt-treptow.xn--sozialbndnis-jlb.de\/index.php?rest_route=\/wp\/v2\/types\/post"}],"author":[{"embeddable":true,"href":"http:\/\/alt-treptow.xn--sozialbndnis-jlb.de\/index.php?rest_route=\/wp\/v2\/users\/1"}],"replies":[{"embeddable":true,"href":"http:\/\/alt-treptow.xn--sozialbndnis-jlb.de\/index.php?rest_route=%2Fwp%2Fv2%2Fcomments&post=634"}],"version-history":[{"count":1,"href":"http:\/\/alt-treptow.xn--sozialbndnis-jlb.de\/index.php?rest_route=\/wp\/v2\/posts\/634\/revisions"}],"predecessor-version":[{"id":635,"href":"http:\/\/alt-treptow.xn--sozialbndnis-jlb.de\/index.php?rest_route=\/wp\/v2\/posts\/634\/revisions\/635"}],"wp:attachment":[{"href":"http:\/\/alt-treptow.xn--sozialbndnis-jlb.de\/index.php?rest_route=%2Fwp%2Fv2%2Fmedia&parent=634"}],"wp:term":[{"taxonomy":"category","embeddable":true,"href":"http:\/\/alt-treptow.xn--sozialbndnis-jlb.de\/index.php?rest_route=%2Fwp%2Fv2%2Fcategories&post=634"},{"taxonomy":"post_tag","embeddable":true,"href":"http:\/\/alt-treptow.xn--sozialbndnis-jlb.de\/index.php?rest_route=%2Fwp%2Fv2%2Ftags&post=634"},{"taxonomy":"city-topics","embeddable":true,"href":"http:\/\/alt-treptow.xn--sozialbndnis-jlb.de\/index.php?rest_route=%2Fwp%2Fv2%2Fcity-topics&post=634"}],"curies":[{"name":"wp","href":"https:\/\/api.w.org\/{rel}","templated":true}]}}