{"id":655,"date":"2021-03-05T12:26:25","date_gmt":"2021-03-05T10:26:25","guid":{"rendered":"http:\/\/alt-treptow.xn--sozialbndnis-jlb.de\/?p=655"},"modified":"2021-03-05T12:26:25","modified_gmt":"2021-03-05T10:26:25","slug":"das-volksbegehren-dw-co-vergesellschaften-unterstuetzen","status":"publish","type":"post","link":"http:\/\/alt-treptow.xn--sozialbndnis-jlb.de\/?p=655","title":{"rendered":"Das Volksbegehren DW &#038;Co. vergesellschaften unterst\u00fctzen:"},"content":{"rendered":"\n<p><strong>Kundgebung am Samstag, 13.03.2021<\/strong><\/p>\n\n\n\n<p><br>11.30 Uhr: Akelius-Haus: Karl-Kunger-Str. 17<br>es spricht: AkeliusMieterInnenVernetzung<br><\/p>\n\n\n\n<p>12.00 Uhr: Padovicz-Haus: Kr\u00fcllsstr. 12<br>es spricht: Sozialb\u00fcndnis AltTreptow<br><\/p>\n\n\n\n<p>12.30 Uhr: Best\u00e4nde der Deutschen Wohnen: Schmollerplatz<br>es spricht: Katalin Gennburg, Abgeordnetenhaus, DIE LINKE<\/p>\n","protected":false},"excerpt":{"rendered":"<p>Kundgebung am Samstag, 13.03.2021 11.30 Uhr: Akelius-Haus: Karl-Kunger-Str. 17es spricht: AkeliusMieterInnenVernetzung 12.00 Uhr: Padovicz-Haus: Kr\u00fcllsstr. 12es spricht: Sozialb\u00fcndnis AltTreptow 12.30 Uhr: Best\u00e4nde der Deutschen Wohnen: Schmollerplatzes spricht: Katalin Gennburg, Abgeordnetenhaus, DIE LINKE<\/p>\n","protected":false},"author":4,"featured_media":656,"comment_status":"open","ping_status":"open","sticky":false,"template":"","format":"standard","meta":{"footnotes":""},"categories":[1,5],"tags":[43,46,66],"city-topics":[],"class_list":["post-655","post","type-post","status-publish","format-standard","has-post-thumbnail","hentry","category-aktuelles","category-milieuschutz","tag-akelius","tag-deutsche-wohnen","tag-padovicz"],"categories_names":[{"link":"http:\/\/alt-treptow.xn--sozialbndnis-jlb.de\/?cat=1","name":"Aktuelles"},{"link":"http:\/\/alt-treptow.xn--sozialbndnis-jlb.de\/?cat=5","name":"Milieuschutz"}],"tag_names":[{"link":"http:\/\/alt-treptow.xn--sozialbndnis-jlb.de\/?tag=akelius","name":"Akelius"},{"link":"http:\/\/alt-treptow.xn--sozialbndnis-jlb.de\/?tag=deutsche-wohnen","name":"Deutsche Wohnen"},{"link":"http:\/\/alt-treptow.xn--sozialbndnis-jlb.de\/?tag=padovicz","name":"Padovicz"}],"city_topics_names":[],"partner_color_1":"#30c9b5","partner_color_2":"#c4a51b","featured_image_url":"http:\/\/alt-treptow.xn--sozialbndnis-jlb.de\/wp-content\/uploads\/2021\/03\/Deutsche-Wohnen-vergesellschaften.png","liability_content":"Hans Zosch","imprint_url":"http:\/\/alt-treptow.sozialb\u00fcndnis.de\/?page_id=607","_links":{"self":[{"href":"http:\/\/alt-treptow.xn--sozialbndnis-jlb.de\/index.php?rest_route=\/wp\/v2\/posts\/655","targetHints":{"allow":["GET"]}}],"collection":[{"href":"http:\/\/alt-treptow.xn--sozialbndnis-jlb.de\/index.php?rest_route=\/wp\/v2\/posts"}],"about":[{"href":"http:\/\/alt-treptow.xn--sozialbndnis-jlb.de\/index.php?rest_route=\/wp\/v2\/types\/post"}],"author":[{"embeddable":true,"href":"http:\/\/alt-treptow.xn--sozialbndnis-jlb.de\/index.php?rest_route=\/wp\/v2\/users\/4"}],"replies":[{"embeddable":true,"href":"http:\/\/alt-treptow.xn--sozialbndnis-jlb.de\/index.php?rest_route=%2Fwp%2Fv2%2Fcomments&post=655"}],"version-history":[{"count":1,"href":"http:\/\/alt-treptow.xn--sozialbndnis-jlb.de\/index.php?rest_route=\/wp\/v2\/posts\/655\/revisions"}],"predecessor-version":[{"id":657,"href":"http:\/\/alt-treptow.xn--sozialbndnis-jlb.de\/index.php?rest_route=\/wp\/v2\/posts\/655\/revisions\/657"}],"wp:featuredmedia":[{"embeddable":true,"href":"http:\/\/alt-treptow.xn--sozialbndnis-jlb.de\/index.php?rest_route=\/wp\/v2\/media\/656"}],"wp:attachment":[{"href":"http:\/\/alt-treptow.xn--sozialbndnis-jlb.de\/index.php?rest_route=%2Fwp%2Fv2%2Fmedia&parent=655"}],"wp:term":[{"taxonomy":"category","embeddable":true,"href":"http:\/\/alt-treptow.xn--sozialbndnis-jlb.de\/index.php?rest_route=%2Fwp%2Fv2%2Fcategories&post=655"},{"taxonomy":"post_tag","embeddable":true,"href":"http:\/\/alt-treptow.xn--sozialbndnis-jlb.de\/index.php?rest_route=%2Fwp%2Fv2%2Ftags&post=655"},{"taxonomy":"city-topics","embeddable":true,"href":"http:\/\/alt-treptow.xn--sozialbndnis-jlb.de\/index.php?rest_route=%2Fwp%2Fv2%2Fcity-topics&post=655"}],"curies":[{"name":"wp","href":"https:\/\/api.w.org\/{rel}","templated":true}]}}