{"id":666,"date":"2021-09-27T11:49:18","date_gmt":"2021-09-27T09:49:18","guid":{"rendered":"http:\/\/alt-treptow.xn--sozialbndnis-jlb.de\/?p=666"},"modified":"2021-09-27T11:52:05","modified_gmt":"2021-09-27T09:52:05","slug":"gemeingut-statt-leerstand","status":"publish","type":"post","link":"http:\/\/alt-treptow.xn--sozialbndnis-jlb.de\/?p=666","title":{"rendered":"Gemeingut statt Leerstand"},"content":{"rendered":"\n<p>Die Stadtbodenstiftung und das Sozialb\u00fcndnis Alt\u2013Treptow informieren \u00fcber den anhaltenden Leerstand in der Kr\u00fcllstra\u00dfe 12 und w\u00fcrden gerne ihre Meinung zum Verfall des Hauses h\u00f6ren.<\/p>\n\n\n\n<p>Leerstehende H\u00e4user in kommunale Hand!<\/p>\n\n\n\n<p>Dienstag 28.09. 16-18h vor der Kr\u00fcllstra\u00dfe 12 in Alt &#8211; Treptow<\/p>\n\n\n\n<p>Mehr Infos zur Stadtbodenstiftung: <a href=\"https:\/\/www.stadtbodenstiftung.de\/\" data-type=\"URL\" data-id=\"https:\/\/www.stadtbodenstiftung.de\/\">https:\/\/www.stadtbodenstiftung.de\/<\/a><\/p>\n\n\n\n<p><\/p>\n\n\n\n<p><\/p>\n","protected":false},"excerpt":{"rendered":"<p>Die Stadtbodenstiftung und das Sozialb\u00fcndnis Alt\u2013Treptow informieren \u00fcber den anhaltenden Leerstand in der Kr\u00fcllstra\u00dfe 12 und w\u00fcrden gerne ihre Meinung zum Verfall des Hauses h\u00f6ren. Leerstehende H\u00e4user in kommunale Hand! Dienstag 28.09. 16-18h vor der Kr\u00fcllstra\u00dfe 12 in Alt &#8211; Treptow Mehr Infos zur Stadtbodenstiftung: https:\/\/www.stadtbodenstiftung.de\/<\/p>\n","protected":false},"author":1,"featured_media":0,"comment_status":"open","ping_status":"open","sticky":false,"template":"","format":"standard","meta":{"footnotes":""},"categories":[1],"tags":[65,64,66,68,98],"city-topics":[],"class_list":["post-666","post","type-post","status-publish","format-standard","hentry","category-aktuelles","tag-kruellstrasse","tag-leerstand","tag-padovicz","tag-spd","tag-stadtbodenstiftung"],"categories_names":[{"link":"http:\/\/alt-treptow.xn--sozialbndnis-jlb.de\/?cat=1","name":"Aktuelles"}],"tag_names":[{"link":"http:\/\/alt-treptow.xn--sozialbndnis-jlb.de\/?tag=kruellstrasse","name":"Kr\u00fcllstra\u00dfe"},{"link":"http:\/\/alt-treptow.xn--sozialbndnis-jlb.de\/?tag=leerstand","name":"Leerstand"},{"link":"http:\/\/alt-treptow.xn--sozialbndnis-jlb.de\/?tag=padovicz","name":"Padovicz"},{"link":"http:\/\/alt-treptow.xn--sozialbndnis-jlb.de\/?tag=spd","name":"SPD"},{"link":"http:\/\/alt-treptow.xn--sozialbndnis-jlb.de\/?tag=stadtbodenstiftung","name":"Stadtbodenstiftung"}],"city_topics_names":[],"partner_color_1":"#30c9b5","partner_color_2":"#c4a51b","featured_image_url":"","liability_content":"Hans Zosch","imprint_url":"http:\/\/alt-treptow.sozialb\u00fcndnis.de\/?page_id=607","_links":{"self":[{"href":"http:\/\/alt-treptow.xn--sozialbndnis-jlb.de\/index.php?rest_route=\/wp\/v2\/posts\/666","targetHints":{"allow":["GET"]}}],"collection":[{"href":"http:\/\/alt-treptow.xn--sozialbndnis-jlb.de\/index.php?rest_route=\/wp\/v2\/posts"}],"about":[{"href":"http:\/\/alt-treptow.xn--sozialbndnis-jlb.de\/index.php?rest_route=\/wp\/v2\/types\/post"}],"author":[{"embeddable":true,"href":"http:\/\/alt-treptow.xn--sozialbndnis-jlb.de\/index.php?rest_route=\/wp\/v2\/users\/1"}],"replies":[{"embeddable":true,"href":"http:\/\/alt-treptow.xn--sozialbndnis-jlb.de\/index.php?rest_route=%2Fwp%2Fv2%2Fcomments&post=666"}],"version-history":[{"count":3,"href":"http:\/\/alt-treptow.xn--sozialbndnis-jlb.de\/index.php?rest_route=\/wp\/v2\/posts\/666\/revisions"}],"predecessor-version":[{"id":670,"href":"http:\/\/alt-treptow.xn--sozialbndnis-jlb.de\/index.php?rest_route=\/wp\/v2\/posts\/666\/revisions\/670"}],"wp:attachment":[{"href":"http:\/\/alt-treptow.xn--sozialbndnis-jlb.de\/index.php?rest_route=%2Fwp%2Fv2%2Fmedia&parent=666"}],"wp:term":[{"taxonomy":"category","embeddable":true,"href":"http:\/\/alt-treptow.xn--sozialbndnis-jlb.de\/index.php?rest_route=%2Fwp%2Fv2%2Fcategories&post=666"},{"taxonomy":"post_tag","embeddable":true,"href":"http:\/\/alt-treptow.xn--sozialbndnis-jlb.de\/index.php?rest_route=%2Fwp%2Fv2%2Ftags&post=666"},{"taxonomy":"city-topics","embeddable":true,"href":"http:\/\/alt-treptow.xn--sozialbndnis-jlb.de\/index.php?rest_route=%2Fwp%2Fv2%2Fcity-topics&post=666"}],"curies":[{"name":"wp","href":"https:\/\/api.w.org\/{rel}","templated":true}]}}